{"id":1308,"date":"2020-05-08T13:46:16","date_gmt":"2020-05-08T11:46:16","guid":{"rendered":"http:\/\/reformiert.kirchechemnitz.de\/cms\/?p=1308"},"modified":"2020-05-08T20:56:31","modified_gmt":"2020-05-08T18:56:31","slug":"gemeinsames-friedensgebt-zum-gedenken-an-75-jahre-ende-des-zweiten-weltkriegs","status":"publish","type":"post","link":"https:\/\/reformiert.kirchechemnitz.de\/cms\/2020\/05\/08\/gemeinsames-friedensgebt-zum-gedenken-an-75-jahre-ende-des-zweiten-weltkriegs\/","title":{"rendered":"Gemeinsames Friedensgebet zum Gedenken an 75 Jahre Ende des Zweiten Weltkriegs"},"content":{"rendered":"\n<figure class=\"wp-block-embed-youtube wp-block-embed is-type-video is-provider-youtube wp-embed-aspect-16-9 wp-has-aspect-ratio\"><div class=\"wp-block-embed__wrapper\">\n<iframe loading=\"lazy\" width=\"700\" height=\"394\" src=\"https:\/\/www.youtube.com\/embed\/mfEXPxYd0Os?feature=oembed\" frameborder=\"0\" allow=\"accelerometer; autoplay; encrypted-media; gyroscope; picture-in-picture\" allowfullscreen><\/iframe>\n<\/div><\/figure>\n\n\n\n<p>Zusammen mit unserer polnischen Partnergemeinde in \u0141\u00f3d\u017a und einer  Gemeinde der Lippischen Landeskirche haben wir ein Friedensgebet zum 75.  Jahrestag der Beendigung des 2. Weltkriegs am 8. Mai 1945 gehalten &#8211; und als Video aufgenommen.<\/p>\n","protected":false},"excerpt":{"rendered":"<p>Zusammen mit unserer polnischen Partnergemeinde in \u0141\u00f3d\u017a und einer Gemeinde der Lippischen Landeskirche haben wir ein Friedensgebet zum 75. Jahrestag der Beendigung des 2. Weltkriegs am 8. Mai 1945 gehalten &#8211; und als Video aufgenommen.<\/p>\n","protected":false},"author":2,"featured_media":1310,"comment_status":"closed","ping_status":"open","sticky":false,"template":"","format":"standard","meta":{"footnotes":""},"categories":[1],"tags":[27],"class_list":{"0":"entry","1":"post","2":"publish","3":"author-joerg","4":"post-1308","6":"format-standard","7":"has-post-thumbnail","8":"category-neuigkeiten","9":"post_tag-friedensgebet-8-mai-polen-lodz-chemnitz"},"_links":{"self":[{"href":"https:\/\/reformiert.kirchechemnitz.de\/cms\/wp-json\/wp\/v2\/posts\/1308","targetHints":{"allow":["GET"]}}],"collection":[{"href":"https:\/\/reformiert.kirchechemnitz.de\/cms\/wp-json\/wp\/v2\/posts"}],"about":[{"href":"https:\/\/reformiert.kirchechemnitz.de\/cms\/wp-json\/wp\/v2\/types\/post"}],"author":[{"embeddable":true,"href":"https:\/\/reformiert.kirchechemnitz.de\/cms\/wp-json\/wp\/v2\/users\/2"}],"replies":[{"embeddable":true,"href":"https:\/\/reformiert.kirchechemnitz.de\/cms\/wp-json\/wp\/v2\/comments?post=1308"}],"version-history":[{"count":8,"href":"https:\/\/reformiert.kirchechemnitz.de\/cms\/wp-json\/wp\/v2\/posts\/1308\/revisions"}],"predecessor-version":[{"id":1318,"href":"https:\/\/reformiert.kirchechemnitz.de\/cms\/wp-json\/wp\/v2\/posts\/1308\/revisions\/1318"}],"wp:featuredmedia":[{"embeddable":true,"href":"https:\/\/reformiert.kirchechemnitz.de\/cms\/wp-json\/wp\/v2\/media\/1310"}],"wp:attachment":[{"href":"https:\/\/reformiert.kirchechemnitz.de\/cms\/wp-json\/wp\/v2\/media?parent=1308"}],"wp:term":[{"taxonomy":"category","embeddable":true,"href":"https:\/\/reformiert.kirchechemnitz.de\/cms\/wp-json\/wp\/v2\/categories?post=1308"},{"taxonomy":"post_tag","embeddable":true,"href":"https:\/\/reformiert.kirchechemnitz.de\/cms\/wp-json\/wp\/v2\/tags?post=1308"}],"curies":[{"name":"wp","href":"https:\/\/api.w.org\/{rel}","templated":true}]}}