{"id":141,"date":"2015-07-13T21:48:09","date_gmt":"2015-07-13T19:48:09","guid":{"rendered":"http:\/\/reformiert.kirchechemnitz.de\/cms\/?p=141"},"modified":"2018-03-13T21:52:15","modified_gmt":"2018-03-13T19:52:15","slug":"gemeindefahrt-nach-ostfriesland","status":"publish","type":"post","link":"https:\/\/reformiert.kirchechemnitz.de\/cms\/2015\/07\/13\/gemeindefahrt-nach-ostfriesland\/","title":{"rendered":"Gemeindefahrt nach Ostfriesland"},"content":{"rendered":"<p>Ende Mai verlebten 10 Chemnitzer und ein Bayreuther Gemeindeglied f\u00fcnf erlebnis- und abwechslungsreiche\u00a0 Tage in Ostfriesland. Nach der Besichtigung eines mittelst\u00e4ndigen Milchviehbetriebes, bei dem wir sogar Zeugen der Geburt eines K\u00e4lbchens wurden, erfuhren wir im Organeum Weener vieles \u00fcber die ostfriesische Orgellandschaft. Ein ganzer Tag war der Reformationsstadt Emden gewidmet, in der gerade auch das Matjesfest stattfand.<a href=\"http:\/\/reformiert.kirchechemnitz.de\/cms\/wp-content\/uploads\/2015\/07\/Ostfriesland.jpg\"><img loading=\"lazy\" decoding=\"async\" class=\" size-medium wp-image-142 aligncenter\" src=\"http:\/\/reformiert.kirchechemnitz.de\/cms\/wp-content\/uploads\/2015\/07\/Ostfriesland-300x225.jpg\" alt=\"Ostfriesland\" width=\"300\" height=\"225\" \/><\/a><br \/>\nSonntags erlebten wir einen Freiluftgottesdienst im Schlosspark Hinte (Bild oben) und dann den Schiefen Kirchturm von Suurhusen, der Rekordhalter im Guiness-Buch geworden ist. Bevor wir dann kurz \u00fcber den Deich schauten, um ein Blick auf die Nordsee zu erhaschen, erlebten wir in Rysum noch die \u00e4lteste noch spielbare Orgel der Welt. Am letzten Tag wurde die Reisegruppe im Landeskirchenamt unserer Kirche in Leer\u00a0 zur w\u00f6chentlichen Morgenandacht und einem Rundtischgespr\u00e4ch mit dem Kirchenpr\u00e4sidenten und seinem Referenten empfangen und danach durch einzelne Abteilungen gef\u00fchrt.<br \/>\nWir waren von der grossen Herzlichkeit und Gastfreundschaft der Ostfriesen und von der unerwartet reichen Kulturlandschaft im hoen Norden sehr angetan. Herzlichen Dank allen Gastgebern.<\/p>\n","protected":false},"excerpt":{"rendered":"<p>Ende Mai verlebten 10 Chemnitzer und ein Bayreuther Gemeindeglied f\u00fcnf erlebnis- und abwechslungsreiche\u00a0 Tage in Ostfriesland. Nach der Besichtigung eines mittelst\u00e4ndigen Milchviehbetriebes, bei dem wir sogar Zeugen der Geburt eines K\u00e4lbchens wurden, erfuhren wir im Organeum Weener vieles \u00fcber die ostfriesische Orgellandschaft. Ein ganzer Tag war der Reformationsstadt Emden gewidmet, in der gerade auch das &#8230; <span class=\"more\"><a class=\"more-link\" href=\"https:\/\/reformiert.kirchechemnitz.de\/cms\/2015\/07\/13\/gemeindefahrt-nach-ostfriesland\/\">[weiterlesen&#8230;]<\/a><\/span><\/p>\n","protected":false},"author":2,"featured_media":142,"comment_status":"closed","ping_status":"closed","sticky":false,"template":"","format":"standard","meta":{"footnotes":""},"categories":[1],"tags":[],"class_list":{"0":"entry","1":"post","2":"publish","3":"author-joerg","4":"post-141","6":"format-standard","7":"has-post-thumbnail","8":"category-neuigkeiten"},"_links":{"self":[{"href":"https:\/\/reformiert.kirchechemnitz.de\/cms\/wp-json\/wp\/v2\/posts\/141","targetHints":{"allow":["GET"]}}],"collection":[{"href":"https:\/\/reformiert.kirchechemnitz.de\/cms\/wp-json\/wp\/v2\/posts"}],"about":[{"href":"https:\/\/reformiert.kirchechemnitz.de\/cms\/wp-json\/wp\/v2\/types\/post"}],"author":[{"embeddable":true,"href":"https:\/\/reformiert.kirchechemnitz.de\/cms\/wp-json\/wp\/v2\/users\/2"}],"replies":[{"embeddable":true,"href":"https:\/\/reformiert.kirchechemnitz.de\/cms\/wp-json\/wp\/v2\/comments?post=141"}],"version-history":[{"count":1,"href":"https:\/\/reformiert.kirchechemnitz.de\/cms\/wp-json\/wp\/v2\/posts\/141\/revisions"}],"predecessor-version":[{"id":143,"href":"https:\/\/reformiert.kirchechemnitz.de\/cms\/wp-json\/wp\/v2\/posts\/141\/revisions\/143"}],"wp:featuredmedia":[{"embeddable":true,"href":"https:\/\/reformiert.kirchechemnitz.de\/cms\/wp-json\/wp\/v2\/media\/142"}],"wp:attachment":[{"href":"https:\/\/reformiert.kirchechemnitz.de\/cms\/wp-json\/wp\/v2\/media?parent=141"}],"wp:term":[{"taxonomy":"category","embeddable":true,"href":"https:\/\/reformiert.kirchechemnitz.de\/cms\/wp-json\/wp\/v2\/categories?post=141"},{"taxonomy":"post_tag","embeddable":true,"href":"https:\/\/reformiert.kirchechemnitz.de\/cms\/wp-json\/wp\/v2\/tags?post=141"}],"curies":[{"name":"wp","href":"https:\/\/api.w.org\/{rel}","templated":true}]}}