{"id":1441,"date":"2021-03-08T17:47:00","date_gmt":"2021-03-08T15:47:00","guid":{"rendered":"https:\/\/reformiert.kirchechemnitz.de\/cms\/?p=1441"},"modified":"2021-03-08T18:58:44","modified_gmt":"2021-03-08T16:58:44","slug":"nachruf-auf-dr-wera-kinzer","status":"publish","type":"post","link":"https:\/\/reformiert.kirchechemnitz.de\/cms\/2021\/03\/08\/nachruf-auf-dr-wera-kinzer\/","title":{"rendered":"Nachruf auf Dr. Wera Kinzer"},"content":{"rendered":"\n<p>Viele Jahre lang hat die Kinder\u00e4rztin Dr. Wera Kinzer unsere Gemeinde begleitet und auch geleitet. Geboren 1929, erlebte sie als Kind die Ausgrenzung j\u00fcdischer Mitsch\u00fcler und sp\u00e4ter die Bombardierung Leipzigs. Nach Medizinstudien in Leipzig und Jena kam sie mit ihrem Doktorvater nach Karl-Marx-Stadt, wo sie als Ober\u00e4rztin in der Kinderklinik Dresdner Strasse t\u00e4tig war. Wegen einer schweren Erkrankung wurde sie selbst in den achtziger Jahren invalidisiert.<br>Seit dieser Zeit wendete sie sich mit grossem Engagement der Gemeinde zu. Als Mitglied des Presbyteriums, dessen Vorsitz sie bis 2003 innehatte, leitete sie so wichtige Projekte wie die Gemeinde-Neugr\u00fcndung und den Bau unseres Gemeindehauses.<br>Die Gestaltung unseres Gemeindesiegels geht auf eine Idee von ihr zur\u00fcck. Und ja: Sie putzte auch und packte im Gemeindehausgarten mit an. Mit 74 Jahren beendete sie ihr Presbyteramt, half aber weiter, wo sie konnte, weshalb die Gemeinde ihr einen \u201egoldenen Generalschl\u00fcssel\u201c verlieh. Einige Jahre lang organisierte sie in unserer Gemeinde noch monatlich ein Ged\u00e4chtnistraining.<\/p>\n\n\n\n<figure class=\"wp-block-image size-large\"><a href=\"https:\/\/reformiert.kirchechemnitz.de\/cms\/wp-content\/uploads\/2021\/03\/DSCN0591web.jpg\"><img loading=\"lazy\" decoding=\"async\" width=\"1000\" height=\"750\" src=\"https:\/\/reformiert.kirchechemnitz.de\/cms\/wp-content\/uploads\/2021\/03\/DSCN0591web.jpg\" alt=\"\" class=\"wp-image-1443\" srcset=\"https:\/\/reformiert.kirchechemnitz.de\/cms\/wp-content\/uploads\/2021\/03\/DSCN0591web.jpg 1000w, https:\/\/reformiert.kirchechemnitz.de\/cms\/wp-content\/uploads\/2021\/03\/DSCN0591web-300x225.jpg 300w, https:\/\/reformiert.kirchechemnitz.de\/cms\/wp-content\/uploads\/2021\/03\/DSCN0591web-768x576.jpg 768w\" sizes=\"auto, (max-width: 1000px) 100vw, 1000px\" \/><\/a><\/figure>\n\n\n\n<p>Dr. Wera Kinzer bei Archivarbeiten 2014<\/p>\n\n\n\n<p>Vor zweieinhalb Jahren musste sie leider in ein Pflegeheim ziehen und konnte dann nur noch gelegentlich am Gemeindeleben teilhaben. H\u00f6hepunkte waren 2019 noch die Feier zu ihrem 90. Geburtstag, die von unserer Gemeinde ausgerichtet wurde, und der Gottesdienst zu ihrem 75. Konfirmationsjubil\u00e4um.<br>Wera Kinzer war eine pragmatische, kluge, weltoffene, grossz\u00fcgige und warmherzige Frau, die sich stets auf die Seite der Schw\u00e4cheren und Hilfsbed\u00fcrftigen gestellt hat. Sie hatte einen gewissen und belastbaren Glauben, der mir ein Vorbild geworden ist.<br>Am 4. Februar, kurz vor ihrem 92. Geburtstag, ist Wera Kinzer f\u00fcr immer eingeschlafen. M\u00f6ge Gott seine Verheissungen an ihr wahr werden lassen und sie tr\u00f6sten. Wir aber d\u00fcrfen Gott danken, dass uns dieser grossartige Mensch f\u00fcr so lange Zeit geschenkt worden war. Pfarrer Thoralf Spiess<\/p>\n","protected":false},"excerpt":{"rendered":"<p>Viele Jahre lang hat die Kinder\u00e4rztin Dr. Wera Kinzer unsere Gemeinde begleitet und auch geleitet. Geboren 1929, erlebte sie als Kind die Ausgrenzung j\u00fcdischer Mitsch\u00fcler und sp\u00e4ter die Bombardierung Leipzigs. Nach Medizinstudien in Leipzig und Jena kam sie mit ihrem Doktorvater nach Karl-Marx-Stadt, wo sie als Ober\u00e4rztin in der Kinderklinik Dresdner Strasse t\u00e4tig war. Wegen &#8230; <span class=\"more\"><a class=\"more-link\" href=\"https:\/\/reformiert.kirchechemnitz.de\/cms\/2021\/03\/08\/nachruf-auf-dr-wera-kinzer\/\">[weiterlesen&#8230;]<\/a><\/span><\/p>\n","protected":false},"author":2,"featured_media":1443,"comment_status":"closed","ping_status":"open","sticky":false,"template":"","format":"standard","meta":{"footnotes":""},"categories":[1],"tags":[],"class_list":{"0":"entry","1":"post","2":"publish","3":"author-joerg","4":"post-1441","6":"format-standard","7":"has-post-thumbnail","8":"category-neuigkeiten"},"_links":{"self":[{"href":"https:\/\/reformiert.kirchechemnitz.de\/cms\/wp-json\/wp\/v2\/posts\/1441","targetHints":{"allow":["GET"]}}],"collection":[{"href":"https:\/\/reformiert.kirchechemnitz.de\/cms\/wp-json\/wp\/v2\/posts"}],"about":[{"href":"https:\/\/reformiert.kirchechemnitz.de\/cms\/wp-json\/wp\/v2\/types\/post"}],"author":[{"embeddable":true,"href":"https:\/\/reformiert.kirchechemnitz.de\/cms\/wp-json\/wp\/v2\/users\/2"}],"replies":[{"embeddable":true,"href":"https:\/\/reformiert.kirchechemnitz.de\/cms\/wp-json\/wp\/v2\/comments?post=1441"}],"version-history":[{"count":3,"href":"https:\/\/reformiert.kirchechemnitz.de\/cms\/wp-json\/wp\/v2\/posts\/1441\/revisions"}],"predecessor-version":[{"id":1445,"href":"https:\/\/reformiert.kirchechemnitz.de\/cms\/wp-json\/wp\/v2\/posts\/1441\/revisions\/1445"}],"wp:featuredmedia":[{"embeddable":true,"href":"https:\/\/reformiert.kirchechemnitz.de\/cms\/wp-json\/wp\/v2\/media\/1443"}],"wp:attachment":[{"href":"https:\/\/reformiert.kirchechemnitz.de\/cms\/wp-json\/wp\/v2\/media?parent=1441"}],"wp:term":[{"taxonomy":"category","embeddable":true,"href":"https:\/\/reformiert.kirchechemnitz.de\/cms\/wp-json\/wp\/v2\/categories?post=1441"},{"taxonomy":"post_tag","embeddable":true,"href":"https:\/\/reformiert.kirchechemnitz.de\/cms\/wp-json\/wp\/v2\/tags?post=1441"}],"curies":[{"name":"wp","href":"https:\/\/api.w.org\/{rel}","templated":true}]}}