{"id":1500,"date":"2021-09-01T12:43:33","date_gmt":"2021-09-01T10:43:33","guid":{"rendered":"https:\/\/reformiert.kirchechemnitz.de\/cms\/?p=1500"},"modified":"2021-09-01T12:45:23","modified_gmt":"2021-09-01T10:45:23","slug":"beendigung-des-kirchenasyls","status":"publish","type":"post","link":"https:\/\/reformiert.kirchechemnitz.de\/cms\/2021\/09\/01\/beendigung-des-kirchenasyls\/","title":{"rendered":"Beendigung des Kirchenasyls"},"content":{"rendered":"\n<p>Vor gut drei Monaten haben wir mit Mostafa S. ein Kirchenasyl begonnen, um ihn vor einer Kettenabschiebung nach Afghanistan zu bewahren. Das ist gelungen.<br>Am 10. August endete die Frist, dass er nach Schweden abgeschoben werden konnte. Schon am 11. August teilte das Bundesamt f\u00fcr Migration und Fl\u00fcchtlinge (BAMF) mit, dass Mostafa S. nun in das nationale deutsche Asylverfahren \u00fcbernommen wird. Das war das Ziel des Kirchenasyls.<br>Leider ist es nicht gelungen, Mostafa S. in Chemnitz halten\u00a0 zu k\u00f6nnen, da er zwischenzeitlich dem Landkreis Zwickau zugewiesen worden war und nun in einem Zwickauer Fl\u00fcchtlingscamp lebt. Aber zum Gl\u00fcck haben wir ja auch in Zwickau Gemeindeglieder, so dass wir Mostafa S. umgehend dort einem Ehepaar aus unserer Gemeinde vorstellen konnte, welches sich ebenfalls um ihn\u00a0k\u00fcmmern wird, wenn er Hilfe braucht.<br>Das Presbyterium dankt allen, die Mostafa S. und die Gemeinde w\u00e4hrend des Kirchenasyls unterst\u00fctzt haben. Sobald es Neuigkeiten im Asylverfahren gibt, informieren wir Sie dar\u00fcber. <br>Die letzten Ereignisse in Afghanistan hatten Mostafa S. sichtbar zugesetzt. Beten wir f\u00fcr ihn und f\u00fcr alle betroffenen Menschen, dass diese Region einmal Frieden findet. <\/p>\n\n\n\n<p>In unserer Veranstaltung der Reihe &#8222;AnsichtsSache&#8220; am 14.09.2021 wollen wir dar\u00fcber nachdenken, was das Kirchenasyl (uns) gebracht hat. Mostafa S. und Stephan Reichel vom Verein &#8222;matteo &#8211; Kirche und Asyl&#8220; werden voraussichtlich dabei sein.<\/p>\n","protected":false},"excerpt":{"rendered":"<p>Vor gut drei Monaten haben wir mit Mostafa S. ein Kirchenasyl begonnen, um ihn vor einer Kettenabschiebung nach Afghanistan zu bewahren. Das ist gelungen.Am 10. August endete die Frist, dass er nach Schweden abgeschoben werden konnte. Schon am 11. August teilte das Bundesamt f\u00fcr Migration und Fl\u00fcchtlinge (BAMF) mit, dass Mostafa S. nun in das &#8230; <span class=\"more\"><a class=\"more-link\" href=\"https:\/\/reformiert.kirchechemnitz.de\/cms\/2021\/09\/01\/beendigung-des-kirchenasyls\/\">[weiterlesen&#8230;]<\/a><\/span><\/p>\n","protected":false},"author":2,"featured_media":1501,"comment_status":"closed","ping_status":"open","sticky":false,"template":"","format":"standard","meta":{"footnotes":""},"categories":[1],"tags":[],"class_list":{"0":"entry","1":"post","2":"publish","3":"author-joerg","4":"post-1500","6":"format-standard","7":"has-post-thumbnail","8":"category-neuigkeiten"},"_links":{"self":[{"href":"https:\/\/reformiert.kirchechemnitz.de\/cms\/wp-json\/wp\/v2\/posts\/1500","targetHints":{"allow":["GET"]}}],"collection":[{"href":"https:\/\/reformiert.kirchechemnitz.de\/cms\/wp-json\/wp\/v2\/posts"}],"about":[{"href":"https:\/\/reformiert.kirchechemnitz.de\/cms\/wp-json\/wp\/v2\/types\/post"}],"author":[{"embeddable":true,"href":"https:\/\/reformiert.kirchechemnitz.de\/cms\/wp-json\/wp\/v2\/users\/2"}],"replies":[{"embeddable":true,"href":"https:\/\/reformiert.kirchechemnitz.de\/cms\/wp-json\/wp\/v2\/comments?post=1500"}],"version-history":[{"count":3,"href":"https:\/\/reformiert.kirchechemnitz.de\/cms\/wp-json\/wp\/v2\/posts\/1500\/revisions"}],"predecessor-version":[{"id":1504,"href":"https:\/\/reformiert.kirchechemnitz.de\/cms\/wp-json\/wp\/v2\/posts\/1500\/revisions\/1504"}],"wp:featuredmedia":[{"embeddable":true,"href":"https:\/\/reformiert.kirchechemnitz.de\/cms\/wp-json\/wp\/v2\/media\/1501"}],"wp:attachment":[{"href":"https:\/\/reformiert.kirchechemnitz.de\/cms\/wp-json\/wp\/v2\/media?parent=1500"}],"wp:term":[{"taxonomy":"category","embeddable":true,"href":"https:\/\/reformiert.kirchechemnitz.de\/cms\/wp-json\/wp\/v2\/categories?post=1500"},{"taxonomy":"post_tag","embeddable":true,"href":"https:\/\/reformiert.kirchechemnitz.de\/cms\/wp-json\/wp\/v2\/tags?post=1500"}],"curies":[{"name":"wp","href":"https:\/\/api.w.org\/{rel}","templated":true}]}}