{"id":1561,"date":"2022-02-25T11:28:11","date_gmt":"2022-02-25T09:28:11","guid":{"rendered":"https:\/\/reformiert.kirchechemnitz.de\/cms\/?p=1561"},"modified":"2022-02-25T11:28:13","modified_gmt":"2022-02-25T09:28:13","slug":"wir-beten-fuer-den-frieden","status":"publish","type":"post","link":"https:\/\/reformiert.kirchechemnitz.de\/cms\/2022\/02\/25\/wir-beten-fuer-den-frieden\/","title":{"rendered":"Wir beten f\u00fcr den Frieden"},"content":{"rendered":"\n<p>Gebet (von Kirchenpr\u00e4sidentin Dr. Susanne Bei der Wieden)<\/p>\n\n\n\n<p><br>Gott, voller Sorge kommen wir vor dich. Wir haben Angst um den Frieden in Europa. Da droht (beginnt) ein Krieg vor unserer T\u00fcr. Gott, wir verstehen so vieles nicht. Truppen ziehen auf, Waffen werden getestet \u2013 auch atomf\u00e4hige. In der Ukraine w\u00e4chst die Gewalt, Menschen werden evakuiert, Angriffe werden vorhergesagt (und schon ausgef\u00fchrt). Was wird werden, Gott? Was wird werden, wenn Recht und Vernunft versagen. Wenn Waffen sprechen, Menschen leiden, vertrieben werden, sterben. Wenn junge M\u00e4nner und Frauen eingezogen werden. Wenn Wirtschaftssanktionen den Alltag belasten. Unsere Alten wissen noch, wie es war, vor 80 Jahren. Sie kennen noch die Gr\u00e4uel von Bombenn\u00e4chten, Flucht und Vertreibung, die Trauer an Gr\u00e4bern. Danach haben wir uns geschworen: Nie wieder! Und nun: Ist das Versprechen vergessen? Gott, gib deine gute Geistkraft. Gib sie den Diplomaten, die ringen. Gib sie den Menschen, die nicht aufh\u00f6ren zu beten. Zeige Wege aus der Verklammerung. Wege, in denen niemand das Gesicht verliert. Gib der Vernunft eine Chance und lass Vers\u00f6hnung wachsen \u2013 in den Herzen, in den Worten, in den Taten. Gib Frieden, Gott, gib Frieden. Amen.<\/p>\n\n\n\n<p><br>Verleih uns Frieden gn\u00e4diglich, Herr Gott, zu unsern Zeiten. Es ist doch ja kein andrer nicht, der f\u00fcr uns k\u00f6nnte streiten, denn du, unser Gott, alleine.<\/p>\n","protected":false},"excerpt":{"rendered":"<p>Gebet (von Kirchenpr\u00e4sidentin Dr. Susanne Bei der Wieden) Gott, voller Sorge kommen wir vor dich. Wir haben Angst um den Frieden in Europa. Da droht (beginnt) ein Krieg vor unserer T\u00fcr. Gott, wir verstehen so vieles nicht. Truppen ziehen auf, Waffen werden getestet \u2013 auch atomf\u00e4hige. In der Ukraine w\u00e4chst die Gewalt, Menschen werden evakuiert, &#8230; <span class=\"more\"><a class=\"more-link\" href=\"https:\/\/reformiert.kirchechemnitz.de\/cms\/2022\/02\/25\/wir-beten-fuer-den-frieden\/\">[weiterlesen&#8230;]<\/a><\/span><\/p>\n","protected":false},"author":2,"featured_media":0,"comment_status":"closed","ping_status":"open","sticky":false,"template":"","format":"standard","meta":{"footnotes":""},"categories":[1],"tags":[],"class_list":{"0":"entry","1":"post","2":"publish","3":"author-joerg","4":"post-1561","6":"format-standard","7":"category-neuigkeiten"},"_links":{"self":[{"href":"https:\/\/reformiert.kirchechemnitz.de\/cms\/wp-json\/wp\/v2\/posts\/1561","targetHints":{"allow":["GET"]}}],"collection":[{"href":"https:\/\/reformiert.kirchechemnitz.de\/cms\/wp-json\/wp\/v2\/posts"}],"about":[{"href":"https:\/\/reformiert.kirchechemnitz.de\/cms\/wp-json\/wp\/v2\/types\/post"}],"author":[{"embeddable":true,"href":"https:\/\/reformiert.kirchechemnitz.de\/cms\/wp-json\/wp\/v2\/users\/2"}],"replies":[{"embeddable":true,"href":"https:\/\/reformiert.kirchechemnitz.de\/cms\/wp-json\/wp\/v2\/comments?post=1561"}],"version-history":[{"count":1,"href":"https:\/\/reformiert.kirchechemnitz.de\/cms\/wp-json\/wp\/v2\/posts\/1561\/revisions"}],"predecessor-version":[{"id":1562,"href":"https:\/\/reformiert.kirchechemnitz.de\/cms\/wp-json\/wp\/v2\/posts\/1561\/revisions\/1562"}],"wp:attachment":[{"href":"https:\/\/reformiert.kirchechemnitz.de\/cms\/wp-json\/wp\/v2\/media?parent=1561"}],"wp:term":[{"taxonomy":"category","embeddable":true,"href":"https:\/\/reformiert.kirchechemnitz.de\/cms\/wp-json\/wp\/v2\/categories?post=1561"},{"taxonomy":"post_tag","embeddable":true,"href":"https:\/\/reformiert.kirchechemnitz.de\/cms\/wp-json\/wp\/v2\/tags?post=1561"}],"curies":[{"name":"wp","href":"https:\/\/api.w.org\/{rel}","templated":true}]}}