{"id":1578,"date":"2022-09-15T10:03:11","date_gmt":"2022-09-15T08:03:11","guid":{"rendered":"https:\/\/reformiert.kirchechemnitz.de\/cms\/?p=1578"},"modified":"2022-11-29T18:40:27","modified_gmt":"2022-11-29T16:40:27","slug":"kirchenasyl-und-nun","status":"publish","type":"post","link":"https:\/\/reformiert.kirchechemnitz.de\/cms\/2022\/09\/15\/kirchenasyl-und-nun\/","title":{"rendered":"Kirchenasyl &#8211; und nun?"},"content":{"rendered":"\n<p>Ein Jahr nach Beendigung unseres Kirchenasyls f\u00fcr den jungen Afghanen Mostafa S. gibt es gute Nachrichten. Mostafa S. wurde eine &#8222;Ausbildungsduldung&#8220; gew\u00e4hrt. Er hat dann gleich Anfang September in Pfaffenofen an der Ilm (N\u00e4he Ingolstadt) eine Ausbildung in der Altenpflege begonnen.  Wir w\u00fcnschen ihm viel Erfolg und Freude dabei und betrachten den ganzen Prozess seines Kirchenasyls in unserer Gemeinde nunmehr als abgeschlossen. Herzlichen Dank an alle, die diesen Prozess mitgetragen und mitgestaltet haben.<\/p>\n\n\n\n<p>Inzwischen gew\u00e4hrt unsere Gemeinde einem weiteren Fl\u00fcchtling ein befristetes Kirchenasyl.<\/p>\n\n\n\n<p><\/p>\n","protected":false},"excerpt":{"rendered":"<p>Ein Jahr nach Beendigung unseres Kirchenasyls f\u00fcr den jungen Afghanen Mostafa S. gibt es gute Nachrichten. Mostafa S. wurde eine &#8222;Ausbildungsduldung&#8220; gew\u00e4hrt. Er hat dann gleich Anfang September in Pfaffenofen an der Ilm (N\u00e4he Ingolstadt) eine Ausbildung in der Altenpflege begonnen. Wir w\u00fcnschen ihm viel Erfolg und Freude dabei und betrachten den ganzen Prozess seines &#8230; <span class=\"more\"><a class=\"more-link\" href=\"https:\/\/reformiert.kirchechemnitz.de\/cms\/2022\/09\/15\/kirchenasyl-und-nun\/\">[weiterlesen&#8230;]<\/a><\/span><\/p>\n","protected":false},"author":2,"featured_media":0,"comment_status":"closed","ping_status":"open","sticky":false,"template":"","format":"standard","meta":{"footnotes":""},"categories":[1],"tags":[],"class_list":{"0":"entry","1":"post","2":"publish","3":"author-joerg","4":"post-1578","6":"format-standard","7":"category-neuigkeiten"},"_links":{"self":[{"href":"https:\/\/reformiert.kirchechemnitz.de\/cms\/wp-json\/wp\/v2\/posts\/1578","targetHints":{"allow":["GET"]}}],"collection":[{"href":"https:\/\/reformiert.kirchechemnitz.de\/cms\/wp-json\/wp\/v2\/posts"}],"about":[{"href":"https:\/\/reformiert.kirchechemnitz.de\/cms\/wp-json\/wp\/v2\/types\/post"}],"author":[{"embeddable":true,"href":"https:\/\/reformiert.kirchechemnitz.de\/cms\/wp-json\/wp\/v2\/users\/2"}],"replies":[{"embeddable":true,"href":"https:\/\/reformiert.kirchechemnitz.de\/cms\/wp-json\/wp\/v2\/comments?post=1578"}],"version-history":[{"count":2,"href":"https:\/\/reformiert.kirchechemnitz.de\/cms\/wp-json\/wp\/v2\/posts\/1578\/revisions"}],"predecessor-version":[{"id":1601,"href":"https:\/\/reformiert.kirchechemnitz.de\/cms\/wp-json\/wp\/v2\/posts\/1578\/revisions\/1601"}],"wp:attachment":[{"href":"https:\/\/reformiert.kirchechemnitz.de\/cms\/wp-json\/wp\/v2\/media?parent=1578"}],"wp:term":[{"taxonomy":"category","embeddable":true,"href":"https:\/\/reformiert.kirchechemnitz.de\/cms\/wp-json\/wp\/v2\/categories?post=1578"},{"taxonomy":"post_tag","embeddable":true,"href":"https:\/\/reformiert.kirchechemnitz.de\/cms\/wp-json\/wp\/v2\/tags?post=1578"}],"curies":[{"name":"wp","href":"https:\/\/api.w.org\/{rel}","templated":true}]}}