{"id":1682,"date":"2023-10-20T11:56:21","date_gmt":"2023-10-20T09:56:21","guid":{"rendered":"https:\/\/reformiert.kirchechemnitz.de\/cms\/?p=1682"},"modified":"2023-10-21T09:34:08","modified_gmt":"2023-10-21T07:34:08","slug":"30-jahre-partnerschaft","status":"publish","type":"post","link":"https:\/\/reformiert.kirchechemnitz.de\/cms\/2023\/10\/20\/30-jahre-partnerschaft\/","title":{"rendered":"30 Jahre Partnerschaft"},"content":{"rendered":"\n<p>Mit der Ev.-reformierten Gemeinde in \u0141\u00f3d\u017a \/ Polen verbindet uns mittlerweile eine 3o-j\u00e4hrige freundschaftliche Partnerschaftsbeziehung. Das haben wir Anfang Oktober in Chemnitz gefeiert. Sieben G\u00e4ste aus Lodz besuchten uns, waren mit uns in der Stadt, aber auch in der Umgebung von Rochlitz unterwegs. Und am Erntedank-Sonntag gab es einen zweisprachigen Gottesdienst, zu dem noch weitere G\u00e4ste aus \u0141\u00f3d\u017a dazu kamen. Im Gottesdienst wurden Erinnerungs-Bilder aus 30 Jahren gezeigt, viele aufgenommen beim gemeinsamen Essen, so auch dieses Bild von unserem Ausflug in einen Biergarten am Fusse des Rochlitzer Berges.<\/p>\n\n\n\n<figure class=\"wp-block-image size-large\"><a href=\"https:\/\/reformiert.kirchechemnitz.de\/cms\/wp-content\/uploads\/2023\/10\/IMG_20230930_135241_033-1.jpg\"><img loading=\"lazy\" decoding=\"async\" width=\"1024\" height=\"555\" src=\"https:\/\/reformiert.kirchechemnitz.de\/cms\/wp-content\/uploads\/2023\/10\/IMG_20230930_135241_033-1-1024x555.jpg\" alt=\"\" class=\"wp-image-1685\" srcset=\"https:\/\/reformiert.kirchechemnitz.de\/cms\/wp-content\/uploads\/2023\/10\/IMG_20230930_135241_033-1-1024x555.jpg 1024w, https:\/\/reformiert.kirchechemnitz.de\/cms\/wp-content\/uploads\/2023\/10\/IMG_20230930_135241_033-1-300x163.jpg 300w, https:\/\/reformiert.kirchechemnitz.de\/cms\/wp-content\/uploads\/2023\/10\/IMG_20230930_135241_033-1-768x416.jpg 768w, https:\/\/reformiert.kirchechemnitz.de\/cms\/wp-content\/uploads\/2023\/10\/IMG_20230930_135241_033-1-1536x832.jpg 1536w, https:\/\/reformiert.kirchechemnitz.de\/cms\/wp-content\/uploads\/2023\/10\/IMG_20230930_135241_033-1-2048x1109.jpg 2048w\" sizes=\"auto, (max-width: 1024px) 100vw, 1024px\" \/><\/a><\/figure>\n","protected":false},"excerpt":{"rendered":"<p>Mit der Ev.-reformierten Gemeinde in \u0141\u00f3d\u017a \/ Polen verbindet uns mittlerweile eine 3o-j\u00e4hrige freundschaftliche Partnerschaftsbeziehung. Das haben wir Anfang Oktober in Chemnitz gefeiert. Sieben G\u00e4ste aus Lodz besuchten uns, waren mit uns in der Stadt, aber auch in der Umgebung von Rochlitz unterwegs. Und am Erntedank-Sonntag gab es einen zweisprachigen Gottesdienst, zu dem noch weitere &#8230; <span class=\"more\"><a class=\"more-link\" href=\"https:\/\/reformiert.kirchechemnitz.de\/cms\/2023\/10\/20\/30-jahre-partnerschaft\/\">[weiterlesen&#8230;]<\/a><\/span><\/p>\n","protected":false},"author":2,"featured_media":1685,"comment_status":"closed","ping_status":"open","sticky":false,"template":"","format":"standard","meta":{"footnotes":""},"categories":[1],"tags":[],"class_list":{"0":"entry","1":"post","2":"publish","3":"author-joerg","4":"post-1682","6":"format-standard","7":"has-post-thumbnail","8":"category-neuigkeiten"},"_links":{"self":[{"href":"https:\/\/reformiert.kirchechemnitz.de\/cms\/wp-json\/wp\/v2\/posts\/1682","targetHints":{"allow":["GET"]}}],"collection":[{"href":"https:\/\/reformiert.kirchechemnitz.de\/cms\/wp-json\/wp\/v2\/posts"}],"about":[{"href":"https:\/\/reformiert.kirchechemnitz.de\/cms\/wp-json\/wp\/v2\/types\/post"}],"author":[{"embeddable":true,"href":"https:\/\/reformiert.kirchechemnitz.de\/cms\/wp-json\/wp\/v2\/users\/2"}],"replies":[{"embeddable":true,"href":"https:\/\/reformiert.kirchechemnitz.de\/cms\/wp-json\/wp\/v2\/comments?post=1682"}],"version-history":[{"count":3,"href":"https:\/\/reformiert.kirchechemnitz.de\/cms\/wp-json\/wp\/v2\/posts\/1682\/revisions"}],"predecessor-version":[{"id":1688,"href":"https:\/\/reformiert.kirchechemnitz.de\/cms\/wp-json\/wp\/v2\/posts\/1682\/revisions\/1688"}],"wp:featuredmedia":[{"embeddable":true,"href":"https:\/\/reformiert.kirchechemnitz.de\/cms\/wp-json\/wp\/v2\/media\/1685"}],"wp:attachment":[{"href":"https:\/\/reformiert.kirchechemnitz.de\/cms\/wp-json\/wp\/v2\/media?parent=1682"}],"wp:term":[{"taxonomy":"category","embeddable":true,"href":"https:\/\/reformiert.kirchechemnitz.de\/cms\/wp-json\/wp\/v2\/categories?post=1682"},{"taxonomy":"post_tag","embeddable":true,"href":"https:\/\/reformiert.kirchechemnitz.de\/cms\/wp-json\/wp\/v2\/tags?post=1682"}],"curies":[{"name":"wp","href":"https:\/\/api.w.org\/{rel}","templated":true}]}}