{"id":1712,"date":"2024-01-31T23:56:38","date_gmt":"2024-01-31T21:56:38","guid":{"rendered":"https:\/\/reformiert.kirchechemnitz.de\/cms\/?p=1712"},"modified":"2025-11-26T22:34:20","modified_gmt":"2025-11-26T20:34:20","slug":"die-forum-studie-und-unsere-kirche","status":"publish","type":"post","link":"https:\/\/reformiert.kirchechemnitz.de\/cms\/2024\/01\/31\/die-forum-studie-und-unsere-kirche\/","title":{"rendered":"Die ForuM-Studie und unsere Kirche"},"content":{"rendered":"\n<p>Ende Januar 2024 wurde eine bundesweite Studie zu Vorf\u00e4llen sexualisierter Gewalt in den Evangelischen Kirchen Deutschlands ver\u00f6ffentlicht. Die Ergebnisse diese Studie sollten im Einzelnen interpretiert werden. Hier finden Sie Ausz\u00fcge aus einer Stellungnahme unserer Ev.-reformierten Landeskirche:<\/p>\n\n\n\n<p>&#8222;Auch die Evangelisch-reformierte Kirche hat sich an der Studie beteiligt. Es wurden daf\u00fcr s\u00e4mtliche Personalakten von Pfarrern und Pfarrerinnen, die zwischen 1946 und 2020 in einem Dienst- oder Ruhestandsverh\u00e4ltnis standen, auf Hinweise von sexualisierter Gewalt gegen\u00fcber Minderj\u00e4hrigen \u00fcberpr\u00fcft. Bereits bei der Gesamtsynode im November hatte Kirchenpr\u00e4sidentin Susanne bei der Wieden \u00fcber die Ergebnisse dieser \u00dcberpr\u00fcfung berichtet. Zehn F\u00e4lle sexualisierter Gewalt seien an den Forschungsverbund gemeldet worden, in denen eine Person verd\u00e4chtigt oder beschuldigt worden sei. 13 betroffene Personen sind mit diesen F\u00e4llen verbunden.&#8220;<\/p>\n\n\n\n<p>Den Wortlaut der gesamten Stellungnahme sowie die Kontaktdaten f\u00fcr unsere landeskirchliche Seelsorgehotline und die Fachstelle f\u00fcr Pr\u00e4vention von sexualisierter Gewalt finden Sie hier: <\/p>\n\n\n\n<p><a href=\"https:\/\/www.reformiert.de\/nachricht\/studie-zu-sexualisierter-gewalt-veroeffentlicht.html\" data-type=\"URL\" data-id=\"https:\/\/www.reformiert.de\/nachricht\/studie-zu-sexualisierter-gewalt-veroeffentlicht.html\">https:\/\/www.reformiert.de\/nachricht\/studie-zu-sexualisierter-gewalt-veroeffentlicht.html<\/a><\/p>\n\n\n\n<p><\/p>\n","protected":false},"excerpt":{"rendered":"<p>Ende Januar 2024 wurde eine bundesweite Studie zu Vorf\u00e4llen sexualisierter Gewalt in den Evangelischen Kirchen Deutschlands ver\u00f6ffentlicht. Die Ergebnisse diese Studie sollten im Einzelnen interpretiert werden. Hier finden Sie Ausz\u00fcge aus einer Stellungnahme unserer Ev.-reformierten Landeskirche: &#8222;Auch die Evangelisch-reformierte Kirche hat sich an der Studie beteiligt. Es wurden daf\u00fcr s\u00e4mtliche Personalakten von Pfarrern und Pfarrerinnen, &#8230; <span class=\"more\"><a class=\"more-link\" href=\"https:\/\/reformiert.kirchechemnitz.de\/cms\/2024\/01\/31\/die-forum-studie-und-unsere-kirche\/\">[weiterlesen&#8230;]<\/a><\/span><\/p>\n","protected":false},"author":2,"featured_media":0,"comment_status":"closed","ping_status":"closed","sticky":false,"template":"","format":"standard","meta":{"footnotes":""},"categories":[1],"tags":[],"class_list":{"0":"entry","1":"post","2":"publish","3":"author-joerg","4":"post-1712","6":"format-standard","7":"category-neuigkeiten"},"_links":{"self":[{"href":"https:\/\/reformiert.kirchechemnitz.de\/cms\/wp-json\/wp\/v2\/posts\/1712","targetHints":{"allow":["GET"]}}],"collection":[{"href":"https:\/\/reformiert.kirchechemnitz.de\/cms\/wp-json\/wp\/v2\/posts"}],"about":[{"href":"https:\/\/reformiert.kirchechemnitz.de\/cms\/wp-json\/wp\/v2\/types\/post"}],"author":[{"embeddable":true,"href":"https:\/\/reformiert.kirchechemnitz.de\/cms\/wp-json\/wp\/v2\/users\/2"}],"replies":[{"embeddable":true,"href":"https:\/\/reformiert.kirchechemnitz.de\/cms\/wp-json\/wp\/v2\/comments?post=1712"}],"version-history":[{"count":2,"href":"https:\/\/reformiert.kirchechemnitz.de\/cms\/wp-json\/wp\/v2\/posts\/1712\/revisions"}],"predecessor-version":[{"id":1714,"href":"https:\/\/reformiert.kirchechemnitz.de\/cms\/wp-json\/wp\/v2\/posts\/1712\/revisions\/1714"}],"wp:attachment":[{"href":"https:\/\/reformiert.kirchechemnitz.de\/cms\/wp-json\/wp\/v2\/media?parent=1712"}],"wp:term":[{"taxonomy":"category","embeddable":true,"href":"https:\/\/reformiert.kirchechemnitz.de\/cms\/wp-json\/wp\/v2\/categories?post=1712"},{"taxonomy":"post_tag","embeddable":true,"href":"https:\/\/reformiert.kirchechemnitz.de\/cms\/wp-json\/wp\/v2\/tags?post=1712"}],"curies":[{"name":"wp","href":"https:\/\/api.w.org\/{rel}","templated":true}]}}