{"id":252,"date":"2015-04-21T21:05:43","date_gmt":"2015-04-21T19:05:43","guid":{"rendered":"http:\/\/reformiert.kirchechemnitz.de\/cms\/?p=252"},"modified":"2018-03-13T21:52:52","modified_gmt":"2018-03-13T19:52:52","slug":"besuch-des-kirchenpraesidenten-dr-martin-heimbucher-in-chemnitz","status":"publish","type":"post","link":"https:\/\/reformiert.kirchechemnitz.de\/cms\/2015\/04\/21\/besuch-des-kirchenpraesidenten-dr-martin-heimbucher-in-chemnitz\/","title":{"rendered":"Besuch des Kirchenpr\u00e4sidenten Dr. Martin Heimbucher in Chemnitz"},"content":{"rendered":"<p><a href=\"http:\/\/reformiert.kirchechemnitz.de\/cms\/wp-content\/uploads\/2015\/09\/kp15.jpg\"><img loading=\"lazy\" decoding=\"async\" class=\" size-medium wp-image-247 alignleft\" src=\"http:\/\/reformiert.kirchechemnitz.de\/cms\/wp-content\/uploads\/2015\/09\/kp15-204x300.jpg\" alt=\"kp15\" width=\"204\" height=\"300\" \/><\/a>Zwei Wochen nach den gut besuchten Gottesdiensten zur Karwoche und zum Osterfest kam der Kirchenpr\u00e4sident unserer Landeskirche, Dr. Marin Heimbucher, zum Sonntagsgottesdienst in unsere Gemeinde und predigte \u00fcber den \u201eGuten Hirten\u201c (Johannes 10,11-16). Vor dem Hintergrund historischer Erfahrungen (Barmer Theologische Erkl\u00e4rung von 1934) und angesichts der aktuellen, von Krisen und Kriegen gepr\u00e4gten Weltlage verwies er dabei darauf, wie lebenswichtig ein \u201eguter\u201c, selbstloser und nicht verf\u00fchrender , auf seinen eigenen Vorteil bedachter Hirte ist.<br \/>\nNach dem Gottesdienst konnten die knapp 20 G\u00e4ste und Gemeindglieder Fragen an ihn richten und beim Kirchenkaffee mit dem Kirchenpr\u00e4sidenten pers\u00f6nlich ins Gespr\u00e4ch kommen. Er ermutigte die Gemeinde, ihre reformierte Stimme im \u00f6kumenischen Kontext selbstbewusster zu erheben. Lebendige \u00d6kumene best\u00fcnde nicht aus der Einebnung konfessioneller Unterschiede, sondern aus dem gleichberechtigtem Miteinander verschiedener Glaubenserfahrungen.<\/p>\n","protected":false},"excerpt":{"rendered":"<p>Zwei Wochen nach den gut besuchten Gottesdiensten zur Karwoche und zum Osterfest kam der Kirchenpr\u00e4sident unserer Landeskirche, Dr. Marin Heimbucher, zum Sonntagsgottesdienst in unsere Gemeinde und predigte \u00fcber den \u201eGuten Hirten\u201c (Johannes 10,11-16). Vor dem Hintergrund historischer Erfahrungen (Barmer Theologische Erkl\u00e4rung von 1934) und angesichts der aktuellen, von Krisen und Kriegen gepr\u00e4gten Weltlage verwies er &#8230; <span class=\"more\"><a class=\"more-link\" href=\"https:\/\/reformiert.kirchechemnitz.de\/cms\/2015\/04\/21\/besuch-des-kirchenpraesidenten-dr-martin-heimbucher-in-chemnitz\/\">[weiterlesen&#8230;]<\/a><\/span><\/p>\n","protected":false},"author":2,"featured_media":247,"comment_status":"closed","ping_status":"closed","sticky":false,"template":"","format":"standard","meta":{"footnotes":""},"categories":[1],"tags":[],"class_list":{"0":"entry","1":"post","2":"publish","3":"author-joerg","4":"post-252","6":"format-standard","7":"has-post-thumbnail","8":"category-neuigkeiten"},"_links":{"self":[{"href":"https:\/\/reformiert.kirchechemnitz.de\/cms\/wp-json\/wp\/v2\/posts\/252","targetHints":{"allow":["GET"]}}],"collection":[{"href":"https:\/\/reformiert.kirchechemnitz.de\/cms\/wp-json\/wp\/v2\/posts"}],"about":[{"href":"https:\/\/reformiert.kirchechemnitz.de\/cms\/wp-json\/wp\/v2\/types\/post"}],"author":[{"embeddable":true,"href":"https:\/\/reformiert.kirchechemnitz.de\/cms\/wp-json\/wp\/v2\/users\/2"}],"replies":[{"embeddable":true,"href":"https:\/\/reformiert.kirchechemnitz.de\/cms\/wp-json\/wp\/v2\/comments?post=252"}],"version-history":[{"count":1,"href":"https:\/\/reformiert.kirchechemnitz.de\/cms\/wp-json\/wp\/v2\/posts\/252\/revisions"}],"predecessor-version":[{"id":253,"href":"https:\/\/reformiert.kirchechemnitz.de\/cms\/wp-json\/wp\/v2\/posts\/252\/revisions\/253"}],"wp:featuredmedia":[{"embeddable":true,"href":"https:\/\/reformiert.kirchechemnitz.de\/cms\/wp-json\/wp\/v2\/media\/247"}],"wp:attachment":[{"href":"https:\/\/reformiert.kirchechemnitz.de\/cms\/wp-json\/wp\/v2\/media?parent=252"}],"wp:term":[{"taxonomy":"category","embeddable":true,"href":"https:\/\/reformiert.kirchechemnitz.de\/cms\/wp-json\/wp\/v2\/categories?post=252"},{"taxonomy":"post_tag","embeddable":true,"href":"https:\/\/reformiert.kirchechemnitz.de\/cms\/wp-json\/wp\/v2\/tags?post=252"}],"curies":[{"name":"wp","href":"https:\/\/api.w.org\/{rel}","templated":true}]}}