{"id":256,"date":"2014-12-22T21:12:06","date_gmt":"2014-12-22T19:12:06","guid":{"rendered":"http:\/\/reformiert.kirchechemnitz.de\/cms\/?p=256"},"modified":"2018-03-13T21:53:04","modified_gmt":"2018-03-13T19:53:04","slug":"nachbarschafts-weihnachtsmarkt","status":"publish","type":"post","link":"https:\/\/reformiert.kirchechemnitz.de\/cms\/2014\/12\/22\/nachbarschafts-weihnachtsmarkt\/","title":{"rendered":"Nachbarschafts-Weihnachtsmarkt"},"content":{"rendered":"<div id=\"attachment_194\" style=\"width: 310px\" class=\"wp-caption alignleft\"><a href=\"http:\/\/reformiert.kirchechemnitz.de\/cms\/wp-content\/uploads\/2015\/07\/DSCN0670.jpg\"><img loading=\"lazy\" decoding=\"async\" aria-describedby=\"caption-attachment-194\" class=\"size-medium wp-image-194\" src=\"http:\/\/reformiert.kirchechemnitz.de\/cms\/wp-content\/uploads\/2015\/07\/DSCN0670-300x225.jpg\" alt=\"Weihnachtsmarkt\" width=\"300\" height=\"225\" \/><\/a><p id=\"caption-attachment-194\" class=\"wp-caption-text\">Weihnachtsmarkt<\/p><\/div>\n<p style=\"text-align: justify;\">Am 22. Dezember 2014 war Nachbarschafts-Weihnachtsmarkt vor unserem Gemeindehaus. \u00dcber 30 G\u00e4ste, die meisten jedoch aus unserer Gemeinde selbst, liessen sich zu Punsch, Gl\u00fchwein, Soljanka, Bratw\u00fcrsten Waffeln und heissen Kartoffeln einladen und genossen die vorweihnachtliche Atmosph\u00e4re an Kamin und Lagerfeuer.<br \/>\nDaneben bastelten einige Kinder kleine Pfefferkuchenh\u00e4user, die ebenfalls zum Verkauf angeboten wurden. Und im Gemeindesaal konnte man Organist Hannes Kuhnert beim \u00dcben an der Orgel zuh\u00f6ren.<br \/>\nDer Erl\u00f6s des Weihnachtsmarkts nach Abzug der reinen Beschaffungskosten, immerhin knapp 80 Euro, wurde f\u00fcr die Hilfsaktion \u201eBrot f\u00fcr die Welt gespendet. Alle Organisatoren und Markt-Helfer waren sich einig: N\u00e4chstes Jahr machen wir das wieder!<\/p>\n","protected":false},"excerpt":{"rendered":"<p>Am 22. Dezember 2014 war Nachbarschafts-Weihnachtsmarkt vor unserem Gemeindehaus. \u00dcber 30 G\u00e4ste, die meisten jedoch aus unserer Gemeinde selbst, liessen sich zu Punsch, Gl\u00fchwein, Soljanka, Bratw\u00fcrsten Waffeln und heissen Kartoffeln einladen und genossen die vorweihnachtliche Atmosph\u00e4re an Kamin und Lagerfeuer. Daneben bastelten einige Kinder kleine Pfefferkuchenh\u00e4user, die ebenfalls zum Verkauf angeboten wurden. Und im Gemeindesaal &#8230; <span class=\"more\"><a class=\"more-link\" href=\"https:\/\/reformiert.kirchechemnitz.de\/cms\/2014\/12\/22\/nachbarschafts-weihnachtsmarkt\/\">[weiterlesen&#8230;]<\/a><\/span><\/p>\n","protected":false},"author":2,"featured_media":189,"comment_status":"closed","ping_status":"closed","sticky":false,"template":"","format":"standard","meta":{"footnotes":""},"categories":[1],"tags":[],"class_list":{"0":"entry","1":"post","2":"publish","3":"author-joerg","4":"post-256","6":"format-standard","7":"has-post-thumbnail","8":"category-neuigkeiten"},"_links":{"self":[{"href":"https:\/\/reformiert.kirchechemnitz.de\/cms\/wp-json\/wp\/v2\/posts\/256","targetHints":{"allow":["GET"]}}],"collection":[{"href":"https:\/\/reformiert.kirchechemnitz.de\/cms\/wp-json\/wp\/v2\/posts"}],"about":[{"href":"https:\/\/reformiert.kirchechemnitz.de\/cms\/wp-json\/wp\/v2\/types\/post"}],"author":[{"embeddable":true,"href":"https:\/\/reformiert.kirchechemnitz.de\/cms\/wp-json\/wp\/v2\/users\/2"}],"replies":[{"embeddable":true,"href":"https:\/\/reformiert.kirchechemnitz.de\/cms\/wp-json\/wp\/v2\/comments?post=256"}],"version-history":[{"count":1,"href":"https:\/\/reformiert.kirchechemnitz.de\/cms\/wp-json\/wp\/v2\/posts\/256\/revisions"}],"predecessor-version":[{"id":257,"href":"https:\/\/reformiert.kirchechemnitz.de\/cms\/wp-json\/wp\/v2\/posts\/256\/revisions\/257"}],"wp:featuredmedia":[{"embeddable":true,"href":"https:\/\/reformiert.kirchechemnitz.de\/cms\/wp-json\/wp\/v2\/media\/189"}],"wp:attachment":[{"href":"https:\/\/reformiert.kirchechemnitz.de\/cms\/wp-json\/wp\/v2\/media?parent=256"}],"wp:term":[{"taxonomy":"category","embeddable":true,"href":"https:\/\/reformiert.kirchechemnitz.de\/cms\/wp-json\/wp\/v2\/categories?post=256"},{"taxonomy":"post_tag","embeddable":true,"href":"https:\/\/reformiert.kirchechemnitz.de\/cms\/wp-json\/wp\/v2\/tags?post=256"}],"curies":[{"name":"wp","href":"https:\/\/api.w.org\/{rel}","templated":true}]}}