{"id":258,"date":"2014-11-02T21:29:54","date_gmt":"2014-11-02T19:29:54","guid":{"rendered":"http:\/\/reformiert.kirchechemnitz.de\/cms\/?p=258"},"modified":"2018-04-03T17:56:55","modified_gmt":"2018-04-03T15:56:55","slug":"doppeltes-gemeindejubilaeum-in-chemnitz-rueckschau-und-blick-nach-vorn","status":"publish","type":"post","link":"https:\/\/reformiert.kirchechemnitz.de\/cms\/2014\/11\/02\/doppeltes-gemeindejubilaeum-in-chemnitz-rueckschau-und-blick-nach-vorn\/","title":{"rendered":"Doppeltes Gemeindejubil\u00e4um in Chemnitz \u2013 R\u00fcckschau und Blick nach vorn"},"content":{"rendered":"<p>&nbsp;<\/p>\n<p style=\"text-align: justify;\">Mit zahlreichen Initiativen und Veranstaltungen hat unsere Gemeinde Ende Oktober 2014 das 85. Jubil\u00e4um ihrer ersten Gr\u00fcndung 1929 in Chemnitz und das 20. Jubil\u00e4um ihrer zweiten Gr\u00fcndung innerhalb der Evangelisch-reformierten Landeskirche 1994 begangen.<a href=\"http:\/\/reformiert.kirchechemnitz.de\/cms\/wp-content\/uploads\/2018\/04\/Gemeindejubil\u00e4um3.jpg\"><img loading=\"lazy\" decoding=\"async\" class=\"size-medium wp-image-933 alignleft\" src=\"http:\/\/reformiert.kirchechemnitz.de\/cms\/wp-content\/uploads\/2018\/04\/Gemeindejubil\u00e4um3-300x225.jpg\" alt=\"\" width=\"300\" height=\"225\" srcset=\"https:\/\/reformiert.kirchechemnitz.de\/cms\/wp-content\/uploads\/2018\/04\/Gemeindejubil\u00e4um3-300x225.jpg 300w, https:\/\/reformiert.kirchechemnitz.de\/cms\/wp-content\/uploads\/2018\/04\/Gemeindejubil\u00e4um3.jpg 640w\" sizes=\"auto, (max-width: 300px) 100vw, 300px\" \/><\/a><\/p>\n<p style=\"text-align: justify;\">Schon vor Monaten begannen Bettina H\u00e4upel und Dr. Wera Kinzer mit der Neuordnung des Gemeindearchivs, dessen \u00e4lteste Dokumente bis auf das Jahr 1927 zur\u00fcck gehen. Damit schufen sie gute Voraussetzungen f\u00fcr den \u201eArchiv-Abend\u201c am Tag des 85. Jubil\u00e4ums der Gemeinde (29.10.), der von Gemeindegliedern rege genutzt wurde, um Erinnerungen auszutauschen und auch einmal in Kirchenb\u00fcchern und Fotoalben nach der eigenen Person oder Familie zu suchen. Am Tag darauf (30.10.) trafen 1000 Exemplare eines neu konzipierten Flyers frisch aus der Druckerei ein, in welchem unsere Gemeinde und die reformierte Kirche kurz vorgestellt werden. Dieses Faltblatt ersetzt die inzwischen vergriffene Auflage von 2004.<\/p>\n<div id=\"attachment_932\" style=\"width: 310px\" class=\"wp-caption alignleft\"><a href=\"http:\/\/reformiert.kirchechemnitz.de\/cms\/wp-content\/uploads\/2018\/04\/Gemeindejubil\u00e4um1.jpg\"><img loading=\"lazy\" decoding=\"async\" aria-describedby=\"caption-attachment-932\" class=\"size-medium wp-image-932\" src=\"http:\/\/reformiert.kirchechemnitz.de\/cms\/wp-content\/uploads\/2018\/04\/Gemeindejubil\u00e4um1-300x225.jpg\" alt=\"\" width=\"300\" height=\"225\" srcset=\"https:\/\/reformiert.kirchechemnitz.de\/cms\/wp-content\/uploads\/2018\/04\/Gemeindejubil\u00e4um1-300x225.jpg 300w, https:\/\/reformiert.kirchechemnitz.de\/cms\/wp-content\/uploads\/2018\/04\/Gemeindejubil\u00e4um1.jpg 640w\" sizes=\"auto, (max-width: 300px) 100vw, 300px\" \/><\/a><p id=\"caption-attachment-932\" class=\"wp-caption-text\">Vortrag von Dr. Achim Detmers<\/p><\/div>\n<p style=\"text-align: justify;\">Abends trug der Generalsekret\u00e4r des Reformierten Bundes in Deutschland, Dr. Achim Detmers aus Hannover, evangelisch-reformierte Positionen zum Reformationsjubil\u00e4um 2017 und dar\u00fcber hinaus vor. Sein pointierter Vortrag wurde im Jugendkeller bei einem Glas Wein angeregt diskutiert.<\/p>\n<p style=\"text-align: justify;\">Am Reformationstag selbst predigte Pr\u00e4ses Simon Froben aus Bayreuth in einem gut besuchten Gottesdienst \u00fcber das Wort aus dem Philipperbrief 12,13 \u201eDenn Gott ist es, der in euch das Wollen und das Vollbringen bewirkt, zu seinem eigenen Wohlgefallen.\u201c, und die Gottesdienstgemeinde sang Lieder von Zwingli, Luther und Zinzendorf.<\/p>\n<p>&nbsp;<\/p>\n<div id=\"attachment_193\" style=\"width: 310px\" class=\"wp-caption alignleft\"><a href=\"http:\/\/reformiert.kirchechemnitz.de\/cms\/wp-content\/uploads\/2015\/07\/DSCN0634.jpg\"><img loading=\"lazy\" decoding=\"async\" aria-describedby=\"caption-attachment-193\" class=\"size-medium wp-image-193\" src=\"http:\/\/reformiert.kirchechemnitz.de\/cms\/wp-content\/uploads\/2015\/07\/DSCN0634-300x225.jpg\" alt=\"\" width=\"300\" height=\"225\" srcset=\"https:\/\/reformiert.kirchechemnitz.de\/cms\/wp-content\/uploads\/2015\/07\/DSCN0634-300x225.jpg 300w, https:\/\/reformiert.kirchechemnitz.de\/cms\/wp-content\/uploads\/2015\/07\/DSCN0634.jpg 640w\" sizes=\"auto, (max-width: 300px) 100vw, 300px\" \/><\/a><p id=\"caption-attachment-193\" class=\"wp-caption-text\">Konzert zum Gemeindejubil\u00e4um 2014<\/p><\/div>\n<p style=\"text-align: justify;\">Nach der Versammlung konnten sich G\u00e4ste und Gemeindeglieder im Jugendkeller mit einer Kartoffelsuppe f\u00fcr den kr\u00f6nenden Abschluss der Jubil\u00e4umsfeiern st\u00e4rken: Ein Festkonzert der \u201eCantorianer\u201c unter der Leitung von Martin Sturm, begleitet von einem kleinen Streicherensemble und Hannes Kuhnert an der Orgel.<br \/>\nIm bis auf den letzten Platz besetzten Gemeindesaal erklangen u.a. eine Kantate f\u00fcr Chor und Orchester von Dietrich Buxtehude und, als ganz besonderer H\u00f6hepunkt, ein vierstimmiger Chorsatz zum Gr\u00fcndungsspruch unserer Gemeinde Matth\u00e4us 18,20 \u201eWo zwei oder drei in meinem Namen versammelt sind \u2026 \u201c, den der junge Komponist Sebastian Rehnert aus Freiberg extra f\u00fcr dieses Jubil\u00e4um vertont hat.<\/p>\n<div class=\"mceTemp\"><\/div>\n","protected":false},"excerpt":{"rendered":"<p>&nbsp; Mit zahlreichen Initiativen und Veranstaltungen hat unsere Gemeinde Ende Oktober 2014 das 85. Jubil\u00e4um ihrer ersten Gr\u00fcndung 1929 in Chemnitz und das 20. Jubil\u00e4um ihrer zweiten Gr\u00fcndung innerhalb der Evangelisch-reformierten Landeskirche 1994 begangen. Schon vor Monaten begannen Bettina H\u00e4upel und Dr. Wera Kinzer mit der Neuordnung des Gemeindearchivs, dessen \u00e4lteste Dokumente bis auf das &#8230; <span class=\"more\"><a class=\"more-link\" href=\"https:\/\/reformiert.kirchechemnitz.de\/cms\/2014\/11\/02\/doppeltes-gemeindejubilaeum-in-chemnitz-rueckschau-und-blick-nach-vorn\/\">[weiterlesen&#8230;]<\/a><\/span><\/p>\n","protected":false},"author":2,"featured_media":660,"comment_status":"closed","ping_status":"closed","sticky":false,"template":"","format":"standard","meta":{"footnotes":""},"categories":[1],"tags":[],"class_list":{"0":"entry","1":"post","2":"publish","3":"author-joerg","4":"post-258","6":"format-standard","7":"has-post-thumbnail","8":"category-neuigkeiten"},"_links":{"self":[{"href":"https:\/\/reformiert.kirchechemnitz.de\/cms\/wp-json\/wp\/v2\/posts\/258","targetHints":{"allow":["GET"]}}],"collection":[{"href":"https:\/\/reformiert.kirchechemnitz.de\/cms\/wp-json\/wp\/v2\/posts"}],"about":[{"href":"https:\/\/reformiert.kirchechemnitz.de\/cms\/wp-json\/wp\/v2\/types\/post"}],"author":[{"embeddable":true,"href":"https:\/\/reformiert.kirchechemnitz.de\/cms\/wp-json\/wp\/v2\/users\/2"}],"replies":[{"embeddable":true,"href":"https:\/\/reformiert.kirchechemnitz.de\/cms\/wp-json\/wp\/v2\/comments?post=258"}],"version-history":[{"count":6,"href":"https:\/\/reformiert.kirchechemnitz.de\/cms\/wp-json\/wp\/v2\/posts\/258\/revisions"}],"predecessor-version":[{"id":936,"href":"https:\/\/reformiert.kirchechemnitz.de\/cms\/wp-json\/wp\/v2\/posts\/258\/revisions\/936"}],"wp:featuredmedia":[{"embeddable":true,"href":"https:\/\/reformiert.kirchechemnitz.de\/cms\/wp-json\/wp\/v2\/media\/660"}],"wp:attachment":[{"href":"https:\/\/reformiert.kirchechemnitz.de\/cms\/wp-json\/wp\/v2\/media?parent=258"}],"wp:term":[{"taxonomy":"category","embeddable":true,"href":"https:\/\/reformiert.kirchechemnitz.de\/cms\/wp-json\/wp\/v2\/categories?post=258"},{"taxonomy":"post_tag","embeddable":true,"href":"https:\/\/reformiert.kirchechemnitz.de\/cms\/wp-json\/wp\/v2\/tags?post=258"}],"curies":[{"name":"wp","href":"https:\/\/api.w.org\/{rel}","templated":true}]}}