{"id":303,"date":"2013-08-26T20:16:39","date_gmt":"2013-08-26T18:16:39","guid":{"rendered":"http:\/\/reformiert.kirchechemnitz.de\/cms\/?p=303"},"modified":"2018-03-13T21:54:54","modified_gmt":"2018-03-13T19:54:54","slug":"taufe-und-schulanfang-2013","status":"publish","type":"post","link":"https:\/\/reformiert.kirchechemnitz.de\/cms\/2013\/08\/26\/taufe-und-schulanfang-2013\/","title":{"rendered":"Taufe und Schulanfang 2013"},"content":{"rendered":"<p style=\"text-align: justify;\">Fr\u00f6hliches Kinderlachen, voller Gemeindesaal: Am 25. August wurde ein M\u00e4dchen getauft und f\u00fcr zwei Schulanf\u00e4nger um Gottes Segen gebeten.<\/p>\n<p><a href=\"http:\/\/reformiert.kirchechemnitz.de\/cms\/wp-content\/uploads\/2015\/07\/schulanfangweb-e1442513901359.jpg\"><img loading=\"lazy\" decoding=\"async\" class=\"size-medium wp-image-204\" src=\"http:\/\/reformiert.kirchechemnitz.de\/cms\/wp-content\/uploads\/2015\/07\/schulanfangweb-300x225.jpg\" alt=\"Gottesdienst zum Schulanfang\" width=\"300\" height=\"225\" \/><\/a><\/p>\n<p style=\"text-align: justify;\">Im Gottesdienst zum Thema: &#8222;Br\u00fcckenbauen&#8220; wurde dann aus Wasserkisten eine tats\u00e4chlich begehbare Br\u00fccke gebaut und ausprobiert und \u00fcber Br\u00fccken von Gott und von Mensch zu Mensch nachgedacht.<\/p>\n<p><a href=\"http:\/\/reformiert.kirchechemnitz.de\/cms\/wp-content\/uploads\/2015\/07\/brucke-e1442514023795.jpg\"><img loading=\"lazy\" decoding=\"async\" class=\"size-medium wp-image-182\" src=\"http:\/\/reformiert.kirchechemnitz.de\/cms\/wp-content\/uploads\/2015\/07\/brucke-300x225.jpg\" alt=\"Familiengottesdienst\" width=\"300\" height=\"225\" \/><\/a><\/p>\n<p style=\"text-align: justify;\">\nDanach gabs im Gemeindehaus-garten Eis und die M\u00f6glichkeit, sich beim Wasserkistenklettern und auf Stelzen sowie auf einer Slackline auszubalancieren.<\/p>\n","protected":false},"excerpt":{"rendered":"<p>Fr\u00f6hliches Kinderlachen, voller Gemeindesaal: Am 25. August wurde ein M\u00e4dchen getauft und f\u00fcr zwei Schulanf\u00e4nger um Gottes Segen gebeten. Im Gottesdienst zum Thema: &#8222;Br\u00fcckenbauen&#8220; wurde dann aus Wasserkisten eine tats\u00e4chlich begehbare Br\u00fccke gebaut und ausprobiert und \u00fcber Br\u00fccken von Gott und von Mensch zu Mensch nachgedacht. Danach gabs im Gemeindehaus-garten Eis und die M\u00f6glichkeit, sich &#8230; <span class=\"more\"><a class=\"more-link\" href=\"https:\/\/reformiert.kirchechemnitz.de\/cms\/2013\/08\/26\/taufe-und-schulanfang-2013\/\">[weiterlesen&#8230;]<\/a><\/span><\/p>\n","protected":false},"author":2,"featured_media":204,"comment_status":"closed","ping_status":"closed","sticky":false,"template":"","format":"standard","meta":{"footnotes":""},"categories":[1],"tags":[],"class_list":{"0":"entry","1":"post","2":"publish","3":"author-joerg","4":"post-303","6":"format-standard","7":"has-post-thumbnail","8":"category-neuigkeiten"},"_links":{"self":[{"href":"https:\/\/reformiert.kirchechemnitz.de\/cms\/wp-json\/wp\/v2\/posts\/303","targetHints":{"allow":["GET"]}}],"collection":[{"href":"https:\/\/reformiert.kirchechemnitz.de\/cms\/wp-json\/wp\/v2\/posts"}],"about":[{"href":"https:\/\/reformiert.kirchechemnitz.de\/cms\/wp-json\/wp\/v2\/types\/post"}],"author":[{"embeddable":true,"href":"https:\/\/reformiert.kirchechemnitz.de\/cms\/wp-json\/wp\/v2\/users\/2"}],"replies":[{"embeddable":true,"href":"https:\/\/reformiert.kirchechemnitz.de\/cms\/wp-json\/wp\/v2\/comments?post=303"}],"version-history":[{"count":1,"href":"https:\/\/reformiert.kirchechemnitz.de\/cms\/wp-json\/wp\/v2\/posts\/303\/revisions"}],"predecessor-version":[{"id":304,"href":"https:\/\/reformiert.kirchechemnitz.de\/cms\/wp-json\/wp\/v2\/posts\/303\/revisions\/304"}],"wp:featuredmedia":[{"embeddable":true,"href":"https:\/\/reformiert.kirchechemnitz.de\/cms\/wp-json\/wp\/v2\/media\/204"}],"wp:attachment":[{"href":"https:\/\/reformiert.kirchechemnitz.de\/cms\/wp-json\/wp\/v2\/media?parent=303"}],"wp:term":[{"taxonomy":"category","embeddable":true,"href":"https:\/\/reformiert.kirchechemnitz.de\/cms\/wp-json\/wp\/v2\/categories?post=303"},{"taxonomy":"post_tag","embeddable":true,"href":"https:\/\/reformiert.kirchechemnitz.de\/cms\/wp-json\/wp\/v2\/tags?post=303"}],"curies":[{"name":"wp","href":"https:\/\/api.w.org\/{rel}","templated":true}]}}