{"id":322,"date":"2012-09-20T17:32:13","date_gmt":"2012-09-20T15:32:13","guid":{"rendered":"http:\/\/reformiert.kirchechemnitz.de\/cms\/?p=322"},"modified":"2018-03-13T21:56:25","modified_gmt":"2018-03-13T19:56:25","slug":"neues-von-unseren-partnergemeinden-in-polen","status":"publish","type":"post","link":"https:\/\/reformiert.kirchechemnitz.de\/cms\/2012\/09\/20\/neues-von-unseren-partnergemeinden-in-polen\/","title":{"rendered":"Neues von unseren Partnergemeinden in Polen"},"content":{"rendered":"<p style=\"text-align: justify;\">Das Presbyterium ist gegenw\u00e4rtig dabei, den Kontakt zu unseren Partnern in Polen wieder aufzufrischen. In den vergangenen Jahren hatte unsere Gemeinde die reformierte Gemeinde in Strzelin mit allgemeinen Bauzusch\u00fcssen und die reformierte Gemeinde in \u0141\u00f3d\u017a mit einer Finanzhilfe zur Sanierung des alten reformierten Friedhofs in der Stadt \u0141\u00f3d\u017a unterst\u00fctzt.<br \/>\n<a href=\"http:\/\/reformiert.kirchechemnitz.de\/cms\/wp-content\/uploads\/2015\/09\/pstrazna-kirche2-e1442763252517.jpg\"><img loading=\"lazy\" decoding=\"async\" class=\"size-medium wp-image-235 alignleft\" src=\"http:\/\/reformiert.kirchechemnitz.de\/cms\/wp-content\/uploads\/2015\/09\/pstrazna-kirche2-300x218.jpg\" alt=\"pstrazna-kirche2\" width=\"300\" height=\"218\" \/><\/a><br \/>\nIn den Tagen nach Ostern hat Pfarrer Thoralf Spiess auf einer kleinen Rundreise alle unsere Partner in \u0141\u00f3d\u017a, Strzelin und Pstr\u0105\u017cna besucht und die Bauprojekte besichtigt.<\/p>\n<p>Neben herzlichen und interessanten Gespr\u00e4chen zur Lage der reformierten Gemeinden in Polen gab es eine mutmachende \u00dcberraschung: Seit zwei Jahren gibt es nun auch wieder evangelisch-reformierte Gottesdienste in Wroc\u0142aw (Breslau). Pfarrer Semko Koroza aus \u0141\u00f3d\u017a hat diese Gemeinde mit hohem pers\u00f6nlichen Einsatz gesammelt und h\u00e4lt nun an zwei Sonntagen im Monat nachmittags Gottesdienst in dieser kleinen, aber durchaus jungen Gemeinde. Daf\u00fcr f\u00e4hrt der Pfarrer aus \u0141\u00f3d\u017a mehr als drei Stunden (eine Richtung!) und wird regelm\u00e4ssig auch von \u0141odzer Gemeindegliedern dabei begleitet. Die Gottesdienste finden gew\u00f6hnlich in der alten Kirche der heutigen deutschsprachigen lutherischen Gemeinde Breslaus \u015aw. Krzysztow mitten in der Stadt statt. Der Gottesdienst Ende April, den auch Pfarrer Spiess besuchte, fand jedoch ausnahmsweise im Festsaal des Ethnografischen Museums statt, ebenfalls ein sehr historisches Ambiente, dem durch das Orgelspiel vom Organisten der Friedenskirche in \u015awidnica (Schweidnitz), der einer kleinen Truhenorgel unerh\u00f6rt sch\u00f6ne Musik entlockte, noch die Krone aussetzte.<\/p>\n<p>Vom Gustav-Adolf-Werk Sachsen ist zu erfahren, dass unsere Partnergemeinde im niederschlesischen Pstr\u0105\u017cna ihre alte Dorfkirche restaurieren will. Dabei sollen unter anderem die Kirchfenster erneuert werden. Die Gesamtkosten werden sich auf 42.000 Euro belaufen, das Gustav-Adolf-Werk will ein Drittel der Kosten \u00fcbernehmen.<\/p>\n","protected":false},"excerpt":{"rendered":"<p>Das Presbyterium ist gegenw\u00e4rtig dabei, den Kontakt zu unseren Partnern in Polen wieder aufzufrischen. In den vergangenen Jahren hatte unsere Gemeinde die reformierte Gemeinde in Strzelin mit allgemeinen Bauzusch\u00fcssen und die reformierte Gemeinde in \u0141\u00f3d\u017a mit einer Finanzhilfe zur Sanierung des alten reformierten Friedhofs in der Stadt \u0141\u00f3d\u017a unterst\u00fctzt. In den Tagen nach Ostern hat &#8230; <span class=\"more\"><a class=\"more-link\" href=\"https:\/\/reformiert.kirchechemnitz.de\/cms\/2012\/09\/20\/neues-von-unseren-partnergemeinden-in-polen\/\">[weiterlesen&#8230;]<\/a><\/span><\/p>\n","protected":false},"author":2,"featured_media":0,"comment_status":"closed","ping_status":"closed","sticky":false,"template":"","format":"standard","meta":{"footnotes":""},"categories":[1],"tags":[],"class_list":{"0":"entry","1":"post","2":"publish","3":"author-joerg","4":"post-322","6":"format-standard","7":"category-neuigkeiten"},"_links":{"self":[{"href":"https:\/\/reformiert.kirchechemnitz.de\/cms\/wp-json\/wp\/v2\/posts\/322","targetHints":{"allow":["GET"]}}],"collection":[{"href":"https:\/\/reformiert.kirchechemnitz.de\/cms\/wp-json\/wp\/v2\/posts"}],"about":[{"href":"https:\/\/reformiert.kirchechemnitz.de\/cms\/wp-json\/wp\/v2\/types\/post"}],"author":[{"embeddable":true,"href":"https:\/\/reformiert.kirchechemnitz.de\/cms\/wp-json\/wp\/v2\/users\/2"}],"replies":[{"embeddable":true,"href":"https:\/\/reformiert.kirchechemnitz.de\/cms\/wp-json\/wp\/v2\/comments?post=322"}],"version-history":[{"count":1,"href":"https:\/\/reformiert.kirchechemnitz.de\/cms\/wp-json\/wp\/v2\/posts\/322\/revisions"}],"predecessor-version":[{"id":323,"href":"https:\/\/reformiert.kirchechemnitz.de\/cms\/wp-json\/wp\/v2\/posts\/322\/revisions\/323"}],"wp:attachment":[{"href":"https:\/\/reformiert.kirchechemnitz.de\/cms\/wp-json\/wp\/v2\/media?parent=322"}],"wp:term":[{"taxonomy":"category","embeddable":true,"href":"https:\/\/reformiert.kirchechemnitz.de\/cms\/wp-json\/wp\/v2\/categories?post=322"},{"taxonomy":"post_tag","embeddable":true,"href":"https:\/\/reformiert.kirchechemnitz.de\/cms\/wp-json\/wp\/v2\/tags?post=322"}],"curies":[{"name":"wp","href":"https:\/\/api.w.org\/{rel}","templated":true}]}}