{"id":472,"date":"2015-10-27T21:05:03","date_gmt":"2015-10-27T19:05:03","guid":{"rendered":"http:\/\/reformiert.kirchechemnitz.de\/cms\/?p=472"},"modified":"2015-11-27T21:05:36","modified_gmt":"2015-11-27T19:05:36","slug":"gaeste-aus-togo-in-chemnitz","status":"publish","type":"post","link":"https:\/\/reformiert.kirchechemnitz.de\/cms\/2015\/10\/27\/gaeste-aus-togo-in-chemnitz\/","title":{"rendered":"G\u00e4ste aus Togo in Chemnitz"},"content":{"rendered":"<p style=\"text-align: justify;\">Mitte Oktober feierten wir einen ungew\u00f6hnlich<br \/>\nlebhaften und vielsprachigen Gottesdienst.<br \/>\nAnlass daf\u00fcr war der Besuch von zwei<br \/>\nG\u00e4sten unserer Partnerregion, der Zentralregion<br \/>\nder Ev.-presbyterianischen Kirche in<br \/>\nTogo. Beide nahmen zun\u00e4chst an der Synode<br \/>\nunseres Synodalverbandes teil, bevor sie<br \/>\ndann Chemnitz sowie reformierte Gemeinden<br \/>\nin Bayern besuchten. Der Gottesdienst im<br \/>\nChemnitzer Gemeindehaus war sehr spontan und<br \/>\nfr\u00f6hlich. Bibeltexte und Glaubensbekenntnisse<br \/>\nwurden auf Deutsch, Franz\u00f6sisch und der westafrikanischen<br \/>\nSprache Ewe gelesen, die Predigt wurde<br \/>\n\u00fcbersetzt, und beide G\u00e4ste sangen zum<br \/>\nAbschluss das alte deutsches Kirchenlied \u201eLobet<br \/>\nden Herren\u201c auf Ewe. Danach gab es<br \/>\nnoch viel Gespr\u00e4chsstoff zum Kirchenkaffee.<\/p>\n","protected":false},"excerpt":{"rendered":"<p>Mitte Oktober feierten wir einen ungew\u00f6hnlich lebhaften und vielsprachigen Gottesdienst. Anlass daf\u00fcr war der Besuch von zwei G\u00e4sten unserer Partnerregion, der Zentralregion der Ev.-presbyterianischen Kirche in Togo. Beide nahmen zun\u00e4chst an der Synode unseres Synodalverbandes teil, bevor sie dann Chemnitz sowie reformierte Gemeinden in Bayern besuchten. Der Gottesdienst im Chemnitzer Gemeindehaus war sehr spontan und &#8230; <span class=\"more\"><a class=\"more-link\" href=\"https:\/\/reformiert.kirchechemnitz.de\/cms\/2015\/10\/27\/gaeste-aus-togo-in-chemnitz\/\">[weiterlesen&#8230;]<\/a><\/span><\/p>\n","protected":false},"author":2,"featured_media":463,"comment_status":"open","ping_status":"open","sticky":false,"template":"","format":"standard","meta":{"footnotes":""},"categories":[1],"tags":[],"class_list":{"0":"entry","1":"post","2":"publish","3":"author-joerg","4":"post-472","6":"format-standard","7":"has-post-thumbnail","8":"category-neuigkeiten"},"_links":{"self":[{"href":"https:\/\/reformiert.kirchechemnitz.de\/cms\/wp-json\/wp\/v2\/posts\/472","targetHints":{"allow":["GET"]}}],"collection":[{"href":"https:\/\/reformiert.kirchechemnitz.de\/cms\/wp-json\/wp\/v2\/posts"}],"about":[{"href":"https:\/\/reformiert.kirchechemnitz.de\/cms\/wp-json\/wp\/v2\/types\/post"}],"author":[{"embeddable":true,"href":"https:\/\/reformiert.kirchechemnitz.de\/cms\/wp-json\/wp\/v2\/users\/2"}],"replies":[{"embeddable":true,"href":"https:\/\/reformiert.kirchechemnitz.de\/cms\/wp-json\/wp\/v2\/comments?post=472"}],"version-history":[{"count":1,"href":"https:\/\/reformiert.kirchechemnitz.de\/cms\/wp-json\/wp\/v2\/posts\/472\/revisions"}],"predecessor-version":[{"id":473,"href":"https:\/\/reformiert.kirchechemnitz.de\/cms\/wp-json\/wp\/v2\/posts\/472\/revisions\/473"}],"wp:featuredmedia":[{"embeddable":true,"href":"https:\/\/reformiert.kirchechemnitz.de\/cms\/wp-json\/wp\/v2\/media\/463"}],"wp:attachment":[{"href":"https:\/\/reformiert.kirchechemnitz.de\/cms\/wp-json\/wp\/v2\/media?parent=472"}],"wp:term":[{"taxonomy":"category","embeddable":true,"href":"https:\/\/reformiert.kirchechemnitz.de\/cms\/wp-json\/wp\/v2\/categories?post=472"},{"taxonomy":"post_tag","embeddable":true,"href":"https:\/\/reformiert.kirchechemnitz.de\/cms\/wp-json\/wp\/v2\/tags?post=472"}],"curies":[{"name":"wp","href":"https:\/\/api.w.org\/{rel}","templated":true}]}}